{"id":9278,"date":"2019-10-22T14:34:16","date_gmt":"2019-10-22T14:34:16","guid":{"rendered":"https:\/\/dajk.si\/vorstellung-des-saegewerks-ttp-600-economy-bei-der-urlaubsreise-in-die-heimatstadt\/"},"modified":"2020-01-22T14:38:23","modified_gmt":"2020-01-22T14:38:23","slug":"vorstellung-des-saegewerks-ttp-600-economy-bei-der-bauernherbst","status":"publish","type":"post","link":"https:\/\/dajk.si\/de\/vorstellung-des-saegewerks-ttp-600-economy-bei-der-bauernherbst\/","title":{"rendered":"Vorstellung des S\u00e4gewerks TTP-600 ECONOMY bei der Bauernherbst"},"content":{"rendered":"<div class=\"fusion-fullwidth fullwidth-box fusion-builder-row-1 nonhundred-percent-fullwidth non-hundred-percent-height-scrolling\" style=\"--awb-border-radius-top-left:0px;--awb-border-radius-top-right:0px;--awb-border-radius-bottom-right:0px;--awb-border-radius-bottom-left:0px;--awb-flex-wrap:wrap;\" ><div class=\"fusion-builder-row fusion-row\"><div class=\"fusion-layout-column fusion_builder_column fusion-builder-column-0 fusion_builder_column_1_1 1_1 fusion-one-full fusion-column-first fusion-column-last\" style=\"--awb-bg-size:cover;\"><div class=\"fusion-column-wrapper fusion-flex-column-wrapper-legacy\"><div class=\"fusion-text fusion-text-1\"><p>Unsere Heimatstadt organisiert jedes Jahr traditionelle Ferien auf dem Bauernhof. In diesem Jahr, genauer gesagt am 25. August 2019, fand unter der Schirmherrschaft des Kulturvereins Lo\u010de der 47. Bauernherbst, mit einer Prozession und Ausstellung alter Br\u00e4uche, authentischen kulinarischen K\u00f6stlichkeiten in Begleitung exzellenter lokaler Winzer und lokaler Musik.<\/p>\n<p>In diesem Jahr haben wir als DAJK-Unternehmen zum ersten Mal zu dem vielf\u00e4ltigen Angebot beigetragen und uns mit unserem kleinsten Bands\u00e4gewerk des europ\u00e4ischen Herstellers Trak-Met TTP-600 ECONOMY, Fenes und Armoth-Bandmessern und Sch\u00e4rfservice vorgestellt.<\/p>\n<\/div><div class=\"fusion-image-carousel fusion-image-carousel-auto fusion-image-carousel-1 lightbox-enabled\"><div class=\"awb-carousel awb-swiper awb-swiper-carousel awb-carousel--carousel awb-swiper-dots-position-bottom\" data-layout=\"carousel\" data-autoplay=\"yes\" data-autoplayspeed=\"2500\" data-autoplaypause=\"no\" data-columns=\"2\" data-columnsmedium=\"1\" data-columnssmall=\"1\" data-itemmargin=\"2\" data-itemwidth=\"180\" data-touchscroll=\"no\" data-freemode=\"no\" data-imagesize=\"auto\" data-scrollitems=\"0\" data-centeredslides=\"no\" data-rotationangle=\"50\" data-depth=\"100\" data-speed=\"500\" data-shadow=\"no\" data-pagination=\"bullets\" style=\"--awb-columns:2;--awb-column-spacing:2px;\"><div class=\"swiper-wrapper awb-image-carousel-wrapper fusion-flex-align-items-center\"><div class=\"swiper-slide\"><div class=\"fusion-carousel-item-wrapper\"><div class=\"fusion-image-wrapper hover-type-none\"><a data-rel=\"iLightbox[image_carousel_1]\" data-caption=\"DAJK Predstavitev TTP 600 ECONOMY Kmecki Praznik Loce 2019 7\" data-title=\"DAJK Predstavitev TTP 600 ECONOMY Kmecki Praznik Loce 2019 7\" aria-label=\"DAJK Predstavitev TTP 600 ECONOMY Kmecki Praznik Loce 2019 7\" href=\"https:\/\/dajk.si\/wp-content\/uploads\/2019\/09\/DAJK_Predstavitev_TTP-600_ECONOMY_Kmecki_Praznik_Loce_2019_7.jpg\" target=\"_self\"><img decoding=\"async\" width=\"1280\" height=\"720\" src=\"https:\/\/dajk.si\/wp-content\/uploads\/2019\/09\/DAJK_Predstavitev_TTP-600_ECONOMY_Kmecki_Praznik_Loce_2019_7.jpg\" class=\"attachment-full size-full lazyload\" alt=\"\" srcset=\"data:image\/svg+xml,%3Csvg%20xmlns%3D%27http%3A%2F%2Fwww.w3.org%2F2000%2Fsvg%27%20width%3D%271280%27%20height%3D%27720%27%20viewBox%3D%270%200%201280%20720%27%3E%3Crect%20width%3D%271280%27%20height%3D%27720%27%20fill-opacity%3D%220%22%2F%3E%3C%2Fsvg%3E\" data-orig-src=\"https:\/\/dajk.si\/wp-content\/uploads\/2019\/09\/DAJK_Predstavitev_TTP-600_ECONOMY_Kmecki_Praznik_Loce_2019_7.jpg\" data-srcset=\"https:\/\/dajk.si\/wp-content\/uploads\/2019\/09\/DAJK_Predstavitev_TTP-600_ECONOMY_Kmecki_Praznik_Loce_2019_7-200x113.jpg 200w, https:\/\/dajk.si\/wp-content\/uploads\/2019\/09\/DAJK_Predstavitev_TTP-600_ECONOMY_Kmecki_Praznik_Loce_2019_7-400x225.jpg 400w, https:\/\/dajk.si\/wp-content\/uploads\/2019\/09\/DAJK_Predstavitev_TTP-600_ECONOMY_Kmecki_Praznik_Loce_2019_7-600x338.jpg 600w, https:\/\/dajk.si\/wp-content\/uploads\/2019\/09\/DAJK_Predstavitev_TTP-600_ECONOMY_Kmecki_Praznik_Loce_2019_7-800x450.jpg 800w, https:\/\/dajk.si\/wp-content\/uploads\/2019\/09\/DAJK_Predstavitev_TTP-600_ECONOMY_Kmecki_Praznik_Loce_2019_7-1200x675.jpg 1200w, https:\/\/dajk.si\/wp-content\/uploads\/2019\/09\/DAJK_Predstavitev_TTP-600_ECONOMY_Kmecki_Praznik_Loce_2019_7.jpg 1280w\" data-sizes=\"auto\" \/><\/a><\/div><\/div><\/div><div class=\"swiper-slide\"><div class=\"fusion-carousel-item-wrapper\"><div class=\"fusion-image-wrapper hover-type-none\"><a data-rel=\"iLightbox[image_carousel_1]\" data-caption=\"DAjK Pr\u00e4sentation TTP 600 ECONOMY L\u00e4ndlicher fest Loce 2019\" data-title=\"DAjK Pr\u00e4sentation TTP 600 ECONOMY L\u00e4ndlicher fest Loce 2019\" aria-label=\"DAjK Pr\u00e4sentation TTP 600 ECONOMY L\u00e4ndlicher fest Loce 2019\" href=\"https:\/\/dajk.si\/wp-content\/uploads\/2019\/09\/DAJK_Predstavitev_TTP-600_ECONOMY_Kmecki_Praznik_Loce_2019_6.jpg\" target=\"_self\"><img decoding=\"async\" width=\"1280\" height=\"720\" src=\"https:\/\/dajk.si\/wp-content\/uploads\/2019\/09\/DAJK_Predstavitev_TTP-600_ECONOMY_Kmecki_Praznik_Loce_2019_6.jpg\" class=\"attachment-full size-full lazyload\" alt=\"DAjK Pr\u00e4sentation TTP 600 ECONOMY L\u00e4ndlicher fest Loce 2019\" srcset=\"data:image\/svg+xml,%3Csvg%20xmlns%3D%27http%3A%2F%2Fwww.w3.org%2F2000%2Fsvg%27%20width%3D%271280%27%20height%3D%27720%27%20viewBox%3D%270%200%201280%20720%27%3E%3Crect%20width%3D%271280%27%20height%3D%27720%27%20fill-opacity%3D%220%22%2F%3E%3C%2Fsvg%3E\" data-orig-src=\"https:\/\/dajk.si\/wp-content\/uploads\/2019\/09\/DAJK_Predstavitev_TTP-600_ECONOMY_Kmecki_Praznik_Loce_2019_6.jpg\" data-srcset=\"https:\/\/dajk.si\/wp-content\/uploads\/2019\/09\/DAJK_Predstavitev_TTP-600_ECONOMY_Kmecki_Praznik_Loce_2019_6-200x113.jpg 200w, https:\/\/dajk.si\/wp-content\/uploads\/2019\/09\/DAJK_Predstavitev_TTP-600_ECONOMY_Kmecki_Praznik_Loce_2019_6-400x225.jpg 400w, https:\/\/dajk.si\/wp-content\/uploads\/2019\/09\/DAJK_Predstavitev_TTP-600_ECONOMY_Kmecki_Praznik_Loce_2019_6-600x338.jpg 600w, https:\/\/dajk.si\/wp-content\/uploads\/2019\/09\/DAJK_Predstavitev_TTP-600_ECONOMY_Kmecki_Praznik_Loce_2019_6-800x450.jpg 800w, https:\/\/dajk.si\/wp-content\/uploads\/2019\/09\/DAJK_Predstavitev_TTP-600_ECONOMY_Kmecki_Praznik_Loce_2019_6-1200x675.jpg 1200w, https:\/\/dajk.si\/wp-content\/uploads\/2019\/09\/DAJK_Predstavitev_TTP-600_ECONOMY_Kmecki_Praznik_Loce_2019_6.jpg 1280w\" data-sizes=\"auto\" \/><\/a><\/div><\/div><\/div><div class=\"swiper-slide\"><div class=\"fusion-carousel-item-wrapper\"><div class=\"fusion-image-wrapper hover-type-none\"><a data-rel=\"iLightbox[image_carousel_1]\" data-caption=\"DAJK Predstavitev Brusilnica Tra\u010dnih Listov Kmecki Praznik Loce 2019 3\" data-title=\"DAJK Predstavitev Brusilnica Tra\u010dnih Listov Kmecki Praznik Loce 2019 3\" aria-label=\"DAJK Predstavitev Brusilnica Tra\u010dnih Listov Kmecki Praznik Loce 2019 3\" href=\"https:\/\/dajk.si\/wp-content\/uploads\/2019\/09\/DAJK_Predstavitev_Brusilnica_Tra\u010dnih_Listov_Kmecki_Praznik_Loce_2019_3-300x169.jpg\" target=\"_self\"><img decoding=\"async\" width=\"1280\" height=\"720\" src=\"https:\/\/dajk.si\/wp-content\/uploads\/2019\/09\/DAJK_Predstavitev_Brusilnica_Tra\u010dnih_Listov_Kmecki_Praznik_Loce_2019_3.jpg\" class=\"attachment-full size-full lazyload\" alt=\"\" srcset=\"data:image\/svg+xml,%3Csvg%20xmlns%3D%27http%3A%2F%2Fwww.w3.org%2F2000%2Fsvg%27%20width%3D%271280%27%20height%3D%27720%27%20viewBox%3D%270%200%201280%20720%27%3E%3Crect%20width%3D%271280%27%20height%3D%27720%27%20fill-opacity%3D%220%22%2F%3E%3C%2Fsvg%3E\" data-orig-src=\"https:\/\/dajk.si\/wp-content\/uploads\/2019\/09\/DAJK_Predstavitev_Brusilnica_Tra\u010dnih_Listov_Kmecki_Praznik_Loce_2019_3.jpg\" data-srcset=\"https:\/\/dajk.si\/wp-content\/uploads\/2019\/09\/DAJK_Predstavitev_Brusilnica_Tra\u010dnih_Listov_Kmecki_Praznik_Loce_2019_3-200x113.jpg 200w, https:\/\/dajk.si\/wp-content\/uploads\/2019\/09\/DAJK_Predstavitev_Brusilnica_Tra\u010dnih_Listov_Kmecki_Praznik_Loce_2019_3-400x225.jpg 400w, https:\/\/dajk.si\/wp-content\/uploads\/2019\/09\/DAJK_Predstavitev_Brusilnica_Tra\u010dnih_Listov_Kmecki_Praznik_Loce_2019_3-600x338.jpg 600w, https:\/\/dajk.si\/wp-content\/uploads\/2019\/09\/DAJK_Predstavitev_Brusilnica_Tra\u010dnih_Listov_Kmecki_Praznik_Loce_2019_3-800x450.jpg 800w, https:\/\/dajk.si\/wp-content\/uploads\/2019\/09\/DAJK_Predstavitev_Brusilnica_Tra\u010dnih_Listov_Kmecki_Praznik_Loce_2019_3-1200x675.jpg 1200w, https:\/\/dajk.si\/wp-content\/uploads\/2019\/09\/DAJK_Predstavitev_Brusilnica_Tra\u010dnih_Listov_Kmecki_Praznik_Loce_2019_3.jpg 1280w\" data-sizes=\"auto\" \/><\/a><\/div><\/div><\/div><div class=\"swiper-slide\"><div class=\"fusion-carousel-item-wrapper\"><div class=\"fusion-image-wrapper hover-type-none\"><a data-rel=\"iLightbox[image_carousel_1]\" data-caption=\"DAJK Predstavitev Brusilnica Tra\u010dnih Listov Kmecki Praznik Loce 2019 1\" data-title=\"DAJK Predstavitev Brusilnica Tra\u010dnih Listov Kmecki Praznik Loce 2019 1\" aria-label=\"DAJK Predstavitev Brusilnica Tra\u010dnih Listov Kmecki Praznik Loce 2019 1\" href=\"https:\/\/dajk.si\/wp-content\/uploads\/2019\/09\/DAJK_Predstavitev_Brusilnica_Tra\u010dnih_Listov_Kmecki_Praznik_Loce_2019_1-300x169.jpg\" target=\"_self\"><img decoding=\"async\" width=\"1280\" height=\"720\" src=\"https:\/\/dajk.si\/wp-content\/uploads\/2019\/09\/DAJK_Predstavitev_Brusilnica_Tra\u010dnih_Listov_Kmecki_Praznik_Loce_2019_1.jpg\" class=\"attachment-full size-full lazyload\" alt=\"\" srcset=\"data:image\/svg+xml,%3Csvg%20xmlns%3D%27http%3A%2F%2Fwww.w3.org%2F2000%2Fsvg%27%20width%3D%271280%27%20height%3D%27720%27%20viewBox%3D%270%200%201280%20720%27%3E%3Crect%20width%3D%271280%27%20height%3D%27720%27%20fill-opacity%3D%220%22%2F%3E%3C%2Fsvg%3E\" data-orig-src=\"https:\/\/dajk.si\/wp-content\/uploads\/2019\/09\/DAJK_Predstavitev_Brusilnica_Tra\u010dnih_Listov_Kmecki_Praznik_Loce_2019_1.jpg\" data-srcset=\"https:\/\/dajk.si\/wp-content\/uploads\/2019\/09\/DAJK_Predstavitev_Brusilnica_Tra\u010dnih_Listov_Kmecki_Praznik_Loce_2019_1-200x113.jpg 200w, https:\/\/dajk.si\/wp-content\/uploads\/2019\/09\/DAJK_Predstavitev_Brusilnica_Tra\u010dnih_Listov_Kmecki_Praznik_Loce_2019_1-400x225.jpg 400w, https:\/\/dajk.si\/wp-content\/uploads\/2019\/09\/DAJK_Predstavitev_Brusilnica_Tra\u010dnih_Listov_Kmecki_Praznik_Loce_2019_1-600x338.jpg 600w, https:\/\/dajk.si\/wp-content\/uploads\/2019\/09\/DAJK_Predstavitev_Brusilnica_Tra\u010dnih_Listov_Kmecki_Praznik_Loce_2019_1-800x450.jpg 800w, https:\/\/dajk.si\/wp-content\/uploads\/2019\/09\/DAJK_Predstavitev_Brusilnica_Tra\u010dnih_Listov_Kmecki_Praznik_Loce_2019_1-1200x675.jpg 1200w, https:\/\/dajk.si\/wp-content\/uploads\/2019\/09\/DAJK_Predstavitev_Brusilnica_Tra\u010dnih_Listov_Kmecki_Praznik_Loce_2019_1.jpg 1280w\" data-sizes=\"auto\" \/><\/a><\/div><\/div><\/div><\/div><div class=\"awb-swiper-button awb-swiper-button-prev\"><i class=\"awb-icon-angle-left\" aria-hidden=\"true\"><\/i><\/div><div class=\"awb-swiper-button awb-swiper-button-next\"><i class=\"awb-icon-angle-right\" aria-hidden=\"true\"><\/i><\/div><\/div><\/div><div class=\"fusion-text fusion-text-2\"><p>Das DAJK Trak-Met TTP-600 ECO Bands\u00e4gewerk ist das kleinste Bands\u00e4gewerk in unserem Programm. Das S\u00e4gewerk eignet sich besonders f\u00fcr kleinere Anwender, Schreiner, Handwerker und Landwirte. Wenn Sie ein robustes, leistungsstarkes, einfaches, aber erschwingliches Bands\u00e4gewerk ben\u00f6tigen, ist das DAJK Trak-Met TTP-600 ECO die beste Wahl. Der DAJK Trak-Met TTP-600 ECO S\u00e4gewerkskopf ist seit vielen Jahren auf dem Markt. Es geht auf den DAJK Trak-Met TTP-600 STANDARD zur\u00fcck, der die technische Zuverl\u00e4ssigkeit der Maschine und eine sehr hohe S\u00e4genauigkeit von bis zu 1 mm garantiert.<\/p>\n<\/div><div class=\"fusion-image-carousel fusion-image-carousel-auto fusion-image-carousel-2 lightbox-enabled\"><div class=\"awb-carousel awb-swiper awb-swiper-carousel awb-carousel--carousel awb-swiper-dots-position-bottom\" data-layout=\"carousel\" data-autoplay=\"yes\" data-autoplayspeed=\"2500\" data-autoplaypause=\"no\" data-columns=\"2\" data-columnsmedium=\"1\" data-columnssmall=\"1\" data-itemmargin=\"2\" data-itemwidth=\"180\" data-touchscroll=\"no\" data-freemode=\"no\" data-imagesize=\"auto\" data-scrollitems=\"0\" data-centeredslides=\"no\" data-rotationangle=\"50\" data-depth=\"100\" data-speed=\"500\" data-shadow=\"no\" data-pagination=\"bullets\" style=\"--awb-columns:2;--awb-column-spacing:2px;\"><div class=\"swiper-wrapper awb-image-carousel-wrapper fusion-flex-align-items-center\"><div class=\"swiper-slide\"><div class=\"fusion-carousel-item-wrapper\"><div class=\"fusion-image-wrapper hover-type-none\"><a data-rel=\"iLightbox[image_carousel_2]\" data-caption=\"DAJK Predstavitev TTP 600 ECONOMY Kmecki Praznik Loce 2019 8\" data-title=\"DAJK Predstavitev TTP 600 ECONOMY Kmecki Praznik Loce 2019 8\" aria-label=\"DAJK Predstavitev TTP 600 ECONOMY Kmecki Praznik Loce 2019 8\" href=\"https:\/\/dajk.si\/wp-content\/uploads\/2019\/09\/DAJK_Predstavitev_TTP-600_ECONOMY_Kmecki_Praznik_Loce_2019_8.jpg\" target=\"_self\"><img decoding=\"async\" width=\"1280\" height=\"720\" src=\"https:\/\/dajk.si\/wp-content\/uploads\/2019\/09\/DAJK_Predstavitev_TTP-600_ECONOMY_Kmecki_Praznik_Loce_2019_8.jpg\" class=\"attachment-full size-full lazyload\" alt=\"\" srcset=\"data:image\/svg+xml,%3Csvg%20xmlns%3D%27http%3A%2F%2Fwww.w3.org%2F2000%2Fsvg%27%20width%3D%271280%27%20height%3D%27720%27%20viewBox%3D%270%200%201280%20720%27%3E%3Crect%20width%3D%271280%27%20height%3D%27720%27%20fill-opacity%3D%220%22%2F%3E%3C%2Fsvg%3E\" data-orig-src=\"https:\/\/dajk.si\/wp-content\/uploads\/2019\/09\/DAJK_Predstavitev_TTP-600_ECONOMY_Kmecki_Praznik_Loce_2019_8.jpg\" data-srcset=\"https:\/\/dajk.si\/wp-content\/uploads\/2019\/09\/DAJK_Predstavitev_TTP-600_ECONOMY_Kmecki_Praznik_Loce_2019_8-200x113.jpg 200w, https:\/\/dajk.si\/wp-content\/uploads\/2019\/09\/DAJK_Predstavitev_TTP-600_ECONOMY_Kmecki_Praznik_Loce_2019_8-400x225.jpg 400w, https:\/\/dajk.si\/wp-content\/uploads\/2019\/09\/DAJK_Predstavitev_TTP-600_ECONOMY_Kmecki_Praznik_Loce_2019_8-600x338.jpg 600w, https:\/\/dajk.si\/wp-content\/uploads\/2019\/09\/DAJK_Predstavitev_TTP-600_ECONOMY_Kmecki_Praznik_Loce_2019_8-800x450.jpg 800w, https:\/\/dajk.si\/wp-content\/uploads\/2019\/09\/DAJK_Predstavitev_TTP-600_ECONOMY_Kmecki_Praznik_Loce_2019_8-1200x675.jpg 1200w, https:\/\/dajk.si\/wp-content\/uploads\/2019\/09\/DAJK_Predstavitev_TTP-600_ECONOMY_Kmecki_Praznik_Loce_2019_8.jpg 1280w\" data-sizes=\"auto\" \/><\/a><\/div><\/div><\/div><div class=\"swiper-slide\"><div class=\"fusion-carousel-item-wrapper\"><div class=\"fusion-image-wrapper hover-type-none\"><a data-rel=\"iLightbox[image_carousel_2]\" data-caption=\"DAJK Predstavitev TTP 600 ECONOMY Kmecki Praznik Loce 2019 5\" data-title=\"DAJK Predstavitev TTP 600 ECONOMY Kmecki Praznik Loce 2019 5\" aria-label=\"DAJK Predstavitev TTP 600 ECONOMY Kmecki Praznik Loce 2019 5\" href=\"https:\/\/dajk.si\/wp-content\/uploads\/2019\/09\/DAJK_Predstavitev_TTP-600_ECONOMY_Kmecki_Praznik_Loce_2019_5.jpg\" target=\"_self\"><img decoding=\"async\" width=\"1280\" height=\"720\" src=\"https:\/\/dajk.si\/wp-content\/uploads\/2019\/09\/DAJK_Predstavitev_TTP-600_ECONOMY_Kmecki_Praznik_Loce_2019_5.jpg\" class=\"attachment-full size-full lazyload\" alt=\"\" srcset=\"data:image\/svg+xml,%3Csvg%20xmlns%3D%27http%3A%2F%2Fwww.w3.org%2F2000%2Fsvg%27%20width%3D%271280%27%20height%3D%27720%27%20viewBox%3D%270%200%201280%20720%27%3E%3Crect%20width%3D%271280%27%20height%3D%27720%27%20fill-opacity%3D%220%22%2F%3E%3C%2Fsvg%3E\" data-orig-src=\"https:\/\/dajk.si\/wp-content\/uploads\/2019\/09\/DAJK_Predstavitev_TTP-600_ECONOMY_Kmecki_Praznik_Loce_2019_5.jpg\" data-srcset=\"https:\/\/dajk.si\/wp-content\/uploads\/2019\/09\/DAJK_Predstavitev_TTP-600_ECONOMY_Kmecki_Praznik_Loce_2019_5-200x113.jpg 200w, https:\/\/dajk.si\/wp-content\/uploads\/2019\/09\/DAJK_Predstavitev_TTP-600_ECONOMY_Kmecki_Praznik_Loce_2019_5-400x225.jpg 400w, https:\/\/dajk.si\/wp-content\/uploads\/2019\/09\/DAJK_Predstavitev_TTP-600_ECONOMY_Kmecki_Praznik_Loce_2019_5-600x338.jpg 600w, https:\/\/dajk.si\/wp-content\/uploads\/2019\/09\/DAJK_Predstavitev_TTP-600_ECONOMY_Kmecki_Praznik_Loce_2019_5-800x450.jpg 800w, https:\/\/dajk.si\/wp-content\/uploads\/2019\/09\/DAJK_Predstavitev_TTP-600_ECONOMY_Kmecki_Praznik_Loce_2019_5-1200x675.jpg 1200w, https:\/\/dajk.si\/wp-content\/uploads\/2019\/09\/DAJK_Predstavitev_TTP-600_ECONOMY_Kmecki_Praznik_Loce_2019_5.jpg 1280w\" data-sizes=\"auto\" \/><\/a><\/div><\/div><\/div><div class=\"swiper-slide\"><div class=\"fusion-carousel-item-wrapper\"><div class=\"fusion-image-wrapper hover-type-none\"><a data-rel=\"iLightbox[image_carousel_2]\" data-caption=\"DAJK Predstavitev TTP 600 ECONOMY Kmecki Praznik Loce 2019 4\" data-title=\"DAJK Predstavitev TTP 600 ECONOMY Kmecki Praznik Loce 2019 4\" aria-label=\"DAJK Predstavitev TTP 600 ECONOMY Kmecki Praznik Loce 2019 4\" href=\"https:\/\/dajk.si\/wp-content\/uploads\/2019\/09\/DAJK_Predstavitev_TTP-600_ECONOMY_Kmecki_Praznik_Loce_2019_4.jpg\" target=\"_self\"><img decoding=\"async\" width=\"1280\" height=\"720\" src=\"https:\/\/dajk.si\/wp-content\/uploads\/2019\/09\/DAJK_Predstavitev_TTP-600_ECONOMY_Kmecki_Praznik_Loce_2019_4.jpg\" class=\"attachment-full size-full lazyload\" alt=\"\" srcset=\"data:image\/svg+xml,%3Csvg%20xmlns%3D%27http%3A%2F%2Fwww.w3.org%2F2000%2Fsvg%27%20width%3D%271280%27%20height%3D%27720%27%20viewBox%3D%270%200%201280%20720%27%3E%3Crect%20width%3D%271280%27%20height%3D%27720%27%20fill-opacity%3D%220%22%2F%3E%3C%2Fsvg%3E\" data-orig-src=\"https:\/\/dajk.si\/wp-content\/uploads\/2019\/09\/DAJK_Predstavitev_TTP-600_ECONOMY_Kmecki_Praznik_Loce_2019_4.jpg\" data-srcset=\"https:\/\/dajk.si\/wp-content\/uploads\/2019\/09\/DAJK_Predstavitev_TTP-600_ECONOMY_Kmecki_Praznik_Loce_2019_4-200x113.jpg 200w, https:\/\/dajk.si\/wp-content\/uploads\/2019\/09\/DAJK_Predstavitev_TTP-600_ECONOMY_Kmecki_Praznik_Loce_2019_4-400x225.jpg 400w, https:\/\/dajk.si\/wp-content\/uploads\/2019\/09\/DAJK_Predstavitev_TTP-600_ECONOMY_Kmecki_Praznik_Loce_2019_4-600x338.jpg 600w, https:\/\/dajk.si\/wp-content\/uploads\/2019\/09\/DAJK_Predstavitev_TTP-600_ECONOMY_Kmecki_Praznik_Loce_2019_4-800x450.jpg 800w, https:\/\/dajk.si\/wp-content\/uploads\/2019\/09\/DAJK_Predstavitev_TTP-600_ECONOMY_Kmecki_Praznik_Loce_2019_4-1200x675.jpg 1200w, https:\/\/dajk.si\/wp-content\/uploads\/2019\/09\/DAJK_Predstavitev_TTP-600_ECONOMY_Kmecki_Praznik_Loce_2019_4.jpg 1280w\" data-sizes=\"auto\" \/><\/a><\/div><\/div><\/div><div class=\"swiper-slide\"><div class=\"fusion-carousel-item-wrapper\"><div class=\"fusion-image-wrapper hover-type-none\"><a data-rel=\"iLightbox[image_carousel_2]\" data-caption=\"DAJK Predstavitev TTP 600 ECONOMY Kmecki Praznik Loce 2019 3\" data-title=\"DAJK Predstavitev TTP 600 ECONOMY Kmecki Praznik Loce 2019 3\" aria-label=\"DAJK Predstavitev TTP 600 ECONOMY Kmecki Praznik Loce 2019 3\" href=\"https:\/\/dajk.si\/wp-content\/uploads\/2019\/09\/DAJK_Predstavitev_TTP-600_ECONOMY_Kmecki_Praznik_Loce_2019_3.jpg\" target=\"_self\"><img decoding=\"async\" width=\"1280\" height=\"720\" src=\"https:\/\/dajk.si\/wp-content\/uploads\/2019\/09\/DAJK_Predstavitev_TTP-600_ECONOMY_Kmecki_Praznik_Loce_2019_3.jpg\" class=\"attachment-full size-full lazyload\" alt=\"\" srcset=\"data:image\/svg+xml,%3Csvg%20xmlns%3D%27http%3A%2F%2Fwww.w3.org%2F2000%2Fsvg%27%20width%3D%271280%27%20height%3D%27720%27%20viewBox%3D%270%200%201280%20720%27%3E%3Crect%20width%3D%271280%27%20height%3D%27720%27%20fill-opacity%3D%220%22%2F%3E%3C%2Fsvg%3E\" data-orig-src=\"https:\/\/dajk.si\/wp-content\/uploads\/2019\/09\/DAJK_Predstavitev_TTP-600_ECONOMY_Kmecki_Praznik_Loce_2019_3.jpg\" data-srcset=\"https:\/\/dajk.si\/wp-content\/uploads\/2019\/09\/DAJK_Predstavitev_TTP-600_ECONOMY_Kmecki_Praznik_Loce_2019_3-200x113.jpg 200w, https:\/\/dajk.si\/wp-content\/uploads\/2019\/09\/DAJK_Predstavitev_TTP-600_ECONOMY_Kmecki_Praznik_Loce_2019_3-400x225.jpg 400w, https:\/\/dajk.si\/wp-content\/uploads\/2019\/09\/DAJK_Predstavitev_TTP-600_ECONOMY_Kmecki_Praznik_Loce_2019_3-600x338.jpg 600w, https:\/\/dajk.si\/wp-content\/uploads\/2019\/09\/DAJK_Predstavitev_TTP-600_ECONOMY_Kmecki_Praznik_Loce_2019_3-800x450.jpg 800w, https:\/\/dajk.si\/wp-content\/uploads\/2019\/09\/DAJK_Predstavitev_TTP-600_ECONOMY_Kmecki_Praznik_Loce_2019_3-1200x675.jpg 1200w, https:\/\/dajk.si\/wp-content\/uploads\/2019\/09\/DAJK_Predstavitev_TTP-600_ECONOMY_Kmecki_Praznik_Loce_2019_3.jpg 1280w\" data-sizes=\"auto\" \/><\/a><\/div><\/div><\/div><div class=\"swiper-slide\"><div class=\"fusion-carousel-item-wrapper\"><div class=\"fusion-image-wrapper hover-type-none\"><a data-rel=\"iLightbox[image_carousel_2]\" data-caption=\"DAJK Predstavitev TTP 600 ECONOMY Kmecki Praznik Loce 2019 2\" data-title=\"DAJK Predstavitev TTP 600 ECONOMY Kmecki Praznik Loce 2019 2\" aria-label=\"DAJK Predstavitev TTP 600 ECONOMY Kmecki Praznik Loce 2019 2\" href=\"https:\/\/dajk.si\/wp-content\/uploads\/2019\/09\/DAJK_Predstavitev_TTP-600_ECONOMY_Kmecki_Praznik_Loce_2019_2.jpg\" target=\"_self\"><img decoding=\"async\" width=\"1280\" height=\"720\" src=\"https:\/\/dajk.si\/wp-content\/uploads\/2019\/09\/DAJK_Predstavitev_TTP-600_ECONOMY_Kmecki_Praznik_Loce_2019_2.jpg\" class=\"attachment-full size-full lazyload\" alt=\"\" srcset=\"data:image\/svg+xml,%3Csvg%20xmlns%3D%27http%3A%2F%2Fwww.w3.org%2F2000%2Fsvg%27%20width%3D%271280%27%20height%3D%27720%27%20viewBox%3D%270%200%201280%20720%27%3E%3Crect%20width%3D%271280%27%20height%3D%27720%27%20fill-opacity%3D%220%22%2F%3E%3C%2Fsvg%3E\" data-orig-src=\"https:\/\/dajk.si\/wp-content\/uploads\/2019\/09\/DAJK_Predstavitev_TTP-600_ECONOMY_Kmecki_Praznik_Loce_2019_2.jpg\" data-srcset=\"https:\/\/dajk.si\/wp-content\/uploads\/2019\/09\/DAJK_Predstavitev_TTP-600_ECONOMY_Kmecki_Praznik_Loce_2019_2-200x113.jpg 200w, https:\/\/dajk.si\/wp-content\/uploads\/2019\/09\/DAJK_Predstavitev_TTP-600_ECONOMY_Kmecki_Praznik_Loce_2019_2-400x225.jpg 400w, https:\/\/dajk.si\/wp-content\/uploads\/2019\/09\/DAJK_Predstavitev_TTP-600_ECONOMY_Kmecki_Praznik_Loce_2019_2-600x338.jpg 600w, https:\/\/dajk.si\/wp-content\/uploads\/2019\/09\/DAJK_Predstavitev_TTP-600_ECONOMY_Kmecki_Praznik_Loce_2019_2-800x450.jpg 800w, https:\/\/dajk.si\/wp-content\/uploads\/2019\/09\/DAJK_Predstavitev_TTP-600_ECONOMY_Kmecki_Praznik_Loce_2019_2-1200x675.jpg 1200w, https:\/\/dajk.si\/wp-content\/uploads\/2019\/09\/DAJK_Predstavitev_TTP-600_ECONOMY_Kmecki_Praznik_Loce_2019_2.jpg 1280w\" data-sizes=\"auto\" \/><\/a><\/div><\/div><\/div><div class=\"swiper-slide\"><div class=\"fusion-carousel-item-wrapper\"><div class=\"fusion-image-wrapper hover-type-none\"><a data-rel=\"iLightbox[image_carousel_2]\" data-caption=\"DAJK Predstavitev TTP 600 ECONOMY Kmecki Praznik Loce 2019 1\" data-title=\"DAJK Predstavitev TTP 600 ECONOMY Kmecki Praznik Loce 2019 1\" aria-label=\"DAJK Predstavitev TTP 600 ECONOMY Kmecki Praznik Loce 2019 1\" href=\"https:\/\/dajk.si\/wp-content\/uploads\/2019\/09\/DAJK_Predstavitev_TTP-600_ECONOMY_Kmecki_Praznik_Loce_2019_1.jpg\" target=\"_self\"><img decoding=\"async\" width=\"1280\" height=\"720\" src=\"https:\/\/dajk.si\/wp-content\/uploads\/2019\/09\/DAJK_Predstavitev_TTP-600_ECONOMY_Kmecki_Praznik_Loce_2019_1.jpg\" class=\"attachment-full size-full lazyload\" alt=\"\" srcset=\"data:image\/svg+xml,%3Csvg%20xmlns%3D%27http%3A%2F%2Fwww.w3.org%2F2000%2Fsvg%27%20width%3D%271280%27%20height%3D%27720%27%20viewBox%3D%270%200%201280%20720%27%3E%3Crect%20width%3D%271280%27%20height%3D%27720%27%20fill-opacity%3D%220%22%2F%3E%3C%2Fsvg%3E\" data-orig-src=\"https:\/\/dajk.si\/wp-content\/uploads\/2019\/09\/DAJK_Predstavitev_TTP-600_ECONOMY_Kmecki_Praznik_Loce_2019_1.jpg\" data-srcset=\"https:\/\/dajk.si\/wp-content\/uploads\/2019\/09\/DAJK_Predstavitev_TTP-600_ECONOMY_Kmecki_Praznik_Loce_2019_1-200x113.jpg 200w, https:\/\/dajk.si\/wp-content\/uploads\/2019\/09\/DAJK_Predstavitev_TTP-600_ECONOMY_Kmecki_Praznik_Loce_2019_1-400x225.jpg 400w, https:\/\/dajk.si\/wp-content\/uploads\/2019\/09\/DAJK_Predstavitev_TTP-600_ECONOMY_Kmecki_Praznik_Loce_2019_1-600x338.jpg 600w, https:\/\/dajk.si\/wp-content\/uploads\/2019\/09\/DAJK_Predstavitev_TTP-600_ECONOMY_Kmecki_Praznik_Loce_2019_1-800x450.jpg 800w, https:\/\/dajk.si\/wp-content\/uploads\/2019\/09\/DAJK_Predstavitev_TTP-600_ECONOMY_Kmecki_Praznik_Loce_2019_1-1200x675.jpg 1200w, https:\/\/dajk.si\/wp-content\/uploads\/2019\/09\/DAJK_Predstavitev_TTP-600_ECONOMY_Kmecki_Praznik_Loce_2019_1.jpg 1280w\" data-sizes=\"auto\" \/><\/a><\/div><\/div><\/div><\/div><div class=\"awb-swiper-button awb-swiper-button-prev\"><i class=\"awb-icon-angle-left\" aria-hidden=\"true\"><\/i><\/div><div class=\"awb-swiper-button awb-swiper-button-next\"><i class=\"awb-icon-angle-right\" aria-hidden=\"true\"><\/i><\/div><\/div><\/div><div class=\"fusion-text fusion-text-3\"><p>Das Interessanteste f\u00fcr die Besucher war die Demonstration des 2 mm d\u00fcnnen Schnitts, der im Video unten aufgezeichnet wurde.<\/p>\n<\/div><div class=\"fusion-video fusion-youtube fusion-aligncenter\" style=\"--awb-max-width:600px;--awb-max-height:360px;--awb-width:100%;\"><div class=\"video-shortcode\"><div class=\"fluid-width-video-wrapper\" style=\"padding-top:60%;\" ><iframe title=\"YouTube video player 1\" src=\"https:\/\/www.youtube.com\/embed\/7FnwC8wdf4o?wmode=transparent&autoplay=0\" width=\"600\" height=\"360\" allowfullscreen allow=\"autoplay; clipboard-write; encrypted-media; gyroscope; picture-in-picture;\"><\/iframe><\/div><\/div><\/div><div class=\"fusion-sep-clear\"><\/div><div class=\"fusion-separator fusion-full-width-sep\" style=\"margin-left: auto;margin-right: auto;margin-top:5px;margin-bottom:5px;width:100%;\"><\/div><div class=\"fusion-sep-clear\"><\/div><div class=\"fusion-clearfix\"><\/div><\/div><\/div><\/div><\/div>\n","protected":false},"excerpt":{"rendered":"","protected":false},"author":3,"featured_media":7036,"comment_status":"open","ping_status":"open","sticky":false,"template":"","format":"standard","meta":{"footnotes":""},"categories":[598],"tags":[594,596,595,597],"class_list":["post-9278","post","type-post","status-publish","format-standard","has-post-thumbnail","hentry","category-bandsagen","tag-bandklingen","tag-bandsagen","tag-scharfservice","tag-ttp-600-economy-de"],"yoast_head":"<!-- This site is optimized with the Yoast SEO plugin v27.2 - https:\/\/yoast.com\/product\/yoast-seo-wordpress\/ -->\n<title>Vorstellung des S\u00e4gewerks TTP-600 ECONOMY bei der Bauernherbst - DAJK<\/title>\n<meta name=\"description\" content=\"Im Rahmen des 47. Bauernurlaubs in unserer Heimatstadt Lo\u010de stellten wir uns mit unserem kleinsten Bands\u00e4gewerk TTP-600 ECONOMY, Fenes und Armoth-Bandmessern sowie unserem eigenen Schleifservice vor.\" \/>\n<meta name=\"robots\" content=\"index, follow, max-snippet:-1, max-image-preview:large, max-video-preview:-1\" \/>\n<link rel=\"canonical\" href=\"https:\/\/dajk.si\/de\/vorstellung-des-saegewerks-ttp-600-economy-bei-der-bauernherbst\/\" \/>\n<meta property=\"og:locale\" content=\"de_DE\" \/>\n<meta property=\"og:type\" content=\"article\" \/>\n<meta property=\"og:title\" content=\"Vorstellung des S\u00e4gewerks TTP-600 ECONOMY bei der Bauernherbst - DAJK\" \/>\n<meta property=\"og:description\" content=\"Im Rahmen des 47. Bauernurlaubs in unserer Heimatstadt Lo\u010de stellten wir uns mit unserem kleinsten Bands\u00e4gewerk TTP-600 ECONOMY, Fenes und Armoth-Bandmessern sowie unserem eigenen Schleifservice vor.\" \/>\n<meta property=\"og:url\" content=\"https:\/\/dajk.si\/de\/vorstellung-des-saegewerks-ttp-600-economy-bei-der-bauernherbst\/\" \/>\n<meta property=\"og:site_name\" content=\"DAJK\" \/>\n<meta property=\"article:publisher\" content=\"https:\/\/facebook.com\/DAJKTrakMetSlovenija\" \/>\n<meta property=\"article:published_time\" content=\"2019-10-22T14:34:16+00:00\" \/>\n<meta property=\"article:modified_time\" content=\"2020-01-22T14:38:23+00:00\" \/>\n<meta property=\"og:image\" content=\"https:\/\/dajk.si\/wp-content\/uploads\/2019\/09\/DAJK_Predstavitev_TTP-600_ECONOMY_Kmecki_Praznik_Loce_2019_6.jpg\" \/>\n\t<meta property=\"og:image:width\" content=\"1280\" \/>\n\t<meta property=\"og:image:height\" content=\"720\" \/>\n\t<meta property=\"og:image:type\" content=\"image\/jpeg\" \/>\n<meta name=\"author\" content=\"DAJK\" \/>\n<meta name=\"twitter:card\" content=\"summary_large_image\" \/>\n<meta name=\"twitter:label1\" content=\"Verfasst von\" \/>\n\t<meta name=\"twitter:data1\" content=\"DAJK\" \/>\n\t<meta name=\"twitter:label2\" content=\"Gesch\u00e4tzte Lesezeit\" \/>\n\t<meta name=\"twitter:data2\" content=\"4\u00a0Minuten\" \/>\n<script type=\"application\/ld+json\" class=\"yoast-schema-graph\">{\"@context\":\"https:\/\/schema.org\",\"@graph\":[{\"@type\":\"Article\",\"@id\":\"https:\/\/dajk.si\/de\/vorstellung-des-saegewerks-ttp-600-economy-bei-der-bauernherbst\/#article\",\"isPartOf\":{\"@id\":\"https:\/\/dajk.si\/de\/vorstellung-des-saegewerks-ttp-600-economy-bei-der-bauernherbst\/\"},\"author\":{\"name\":\"DAJK\",\"@id\":\"https:\/\/dajk.si\/#\/schema\/person\/9ce423896640be8a5a8fe0da02dfc889\"},\"headline\":\"Vorstellung des S\u00e4gewerks TTP-600 ECONOMY bei der Bauernherbst\",\"datePublished\":\"2019-10-22T14:34:16+00:00\",\"dateModified\":\"2020-01-22T14:38:23+00:00\",\"mainEntityOfPage\":{\"@id\":\"https:\/\/dajk.si\/de\/vorstellung-des-saegewerks-ttp-600-economy-bei-der-bauernherbst\/\"},\"wordCount\":788,\"commentCount\":0,\"publisher\":{\"@id\":\"https:\/\/dajk.si\/#organization\"},\"image\":{\"@id\":\"https:\/\/dajk.si\/de\/vorstellung-des-saegewerks-ttp-600-economy-bei-der-bauernherbst\/#primaryimage\"},\"thumbnailUrl\":\"https:\/\/dajk.si\/wp-content\/uploads\/2019\/09\/DAJK_Predstavitev_TTP-600_ECONOMY_Kmecki_Praznik_Loce_2019_6.jpg\",\"keywords\":[\"Bandklingen\",\"BANDS\u00c4GEN\",\"Sch\u00e4rfservice\",\"TTP-600 ECONOMY\"],\"articleSection\":[\"BANDS\u00c4GEN\"],\"inLanguage\":\"de\",\"potentialAction\":[{\"@type\":\"CommentAction\",\"name\":\"Comment\",\"target\":[\"https:\/\/dajk.si\/de\/vorstellung-des-saegewerks-ttp-600-economy-bei-der-bauernherbst\/#respond\"]}]},{\"@type\":\"WebPage\",\"@id\":\"https:\/\/dajk.si\/de\/vorstellung-des-saegewerks-ttp-600-economy-bei-der-bauernherbst\/\",\"url\":\"https:\/\/dajk.si\/de\/vorstellung-des-saegewerks-ttp-600-economy-bei-der-bauernherbst\/\",\"name\":\"Vorstellung des S\u00e4gewerks TTP-600 ECONOMY bei der Bauernherbst - DAJK\",\"isPartOf\":{\"@id\":\"https:\/\/dajk.si\/#website\"},\"primaryImageOfPage\":{\"@id\":\"https:\/\/dajk.si\/de\/vorstellung-des-saegewerks-ttp-600-economy-bei-der-bauernherbst\/#primaryimage\"},\"image\":{\"@id\":\"https:\/\/dajk.si\/de\/vorstellung-des-saegewerks-ttp-600-economy-bei-der-bauernherbst\/#primaryimage\"},\"thumbnailUrl\":\"https:\/\/dajk.si\/wp-content\/uploads\/2019\/09\/DAJK_Predstavitev_TTP-600_ECONOMY_Kmecki_Praznik_Loce_2019_6.jpg\",\"datePublished\":\"2019-10-22T14:34:16+00:00\",\"dateModified\":\"2020-01-22T14:38:23+00:00\",\"description\":\"Im Rahmen des 47. Bauernurlaubs in unserer Heimatstadt Lo\u010de stellten wir uns mit unserem kleinsten Bands\u00e4gewerk TTP-600 ECONOMY, Fenes und Armoth-Bandmessern sowie unserem eigenen Schleifservice vor.\",\"breadcrumb\":{\"@id\":\"https:\/\/dajk.si\/de\/vorstellung-des-saegewerks-ttp-600-economy-bei-der-bauernherbst\/#breadcrumb\"},\"inLanguage\":\"de\",\"potentialAction\":[{\"@type\":\"ReadAction\",\"target\":[\"https:\/\/dajk.si\/de\/vorstellung-des-saegewerks-ttp-600-economy-bei-der-bauernherbst\/\"]}]},{\"@type\":\"ImageObject\",\"inLanguage\":\"de\",\"@id\":\"https:\/\/dajk.si\/de\/vorstellung-des-saegewerks-ttp-600-economy-bei-der-bauernherbst\/#primaryimage\",\"url\":\"https:\/\/dajk.si\/wp-content\/uploads\/2019\/09\/DAJK_Predstavitev_TTP-600_ECONOMY_Kmecki_Praznik_Loce_2019_6.jpg\",\"contentUrl\":\"https:\/\/dajk.si\/wp-content\/uploads\/2019\/09\/DAJK_Predstavitev_TTP-600_ECONOMY_Kmecki_Praznik_Loce_2019_6.jpg\",\"width\":1280,\"height\":720,\"caption\":\"DAjK Pr\u00e4sentation TTP 600 ECONOMY L\u00e4ndlicher fest Loce 2019\"},{\"@type\":\"BreadcrumbList\",\"@id\":\"https:\/\/dajk.si\/de\/vorstellung-des-saegewerks-ttp-600-economy-bei-der-bauernherbst\/#breadcrumb\",\"itemListElement\":[{\"@type\":\"ListItem\",\"position\":1,\"name\":\"Home\",\"item\":\"https:\/\/dajk.si\/de\/\"},{\"@type\":\"ListItem\",\"position\":2,\"name\":\"Vorstellung des S\u00e4gewerks TTP-600 ECONOMY bei der Bauernherbst\"}]},{\"@type\":\"WebSite\",\"@id\":\"https:\/\/dajk.si\/#website\",\"url\":\"https:\/\/dajk.si\/\",\"name\":\"DAJK\",\"description\":\"Trak-Met tra\u010dne \u017eage za razrez hlodovine, tra\u010dni listi in brusilnica tra\u010dnih listov\",\"publisher\":{\"@id\":\"https:\/\/dajk.si\/#organization\"},\"potentialAction\":[{\"@type\":\"SearchAction\",\"target\":{\"@type\":\"EntryPoint\",\"urlTemplate\":\"https:\/\/dajk.si\/?s={search_term_string}\"},\"query-input\":{\"@type\":\"PropertyValueSpecification\",\"valueRequired\":true,\"valueName\":\"search_term_string\"}}],\"inLanguage\":\"de\"},{\"@type\":\"Organization\",\"@id\":\"https:\/\/dajk.si\/#organization\",\"name\":\"DAJK d.o.o.\",\"url\":\"https:\/\/dajk.si\/\",\"logo\":{\"@type\":\"ImageObject\",\"inLanguage\":\"de\",\"@id\":\"https:\/\/dajk.si\/#\/schema\/logo\/image\/\",\"url\":\"https:\/\/dajk.si\/wp-content\/uploads\/2018\/12\/DAJK_Logo_Splet_400x247_Retina.png\",\"contentUrl\":\"https:\/\/dajk.si\/wp-content\/uploads\/2018\/12\/DAJK_Logo_Splet_400x247_Retina.png\",\"width\":400,\"height\":247,\"caption\":\"DAJK d.o.o.\"},\"image\":{\"@id\":\"https:\/\/dajk.si\/#\/schema\/logo\/image\/\"},\"sameAs\":[\"https:\/\/facebook.com\/DAJKTrakMetSlovenija\"]},{\"@type\":\"Person\",\"@id\":\"https:\/\/dajk.si\/#\/schema\/person\/9ce423896640be8a5a8fe0da02dfc889\",\"name\":\"DAJK\",\"image\":{\"@type\":\"ImageObject\",\"inLanguage\":\"de\",\"@id\":\"https:\/\/dajk.si\/wp-content\/litespeed\/avatar\/17c3b0f948f28de8dbb98f1499765242.jpg?ver=1777056562\",\"url\":\"https:\/\/dajk.si\/wp-content\/litespeed\/avatar\/17c3b0f948f28de8dbb98f1499765242.jpg?ver=1777056562\",\"contentUrl\":\"https:\/\/dajk.si\/wp-content\/litespeed\/avatar\/17c3b0f948f28de8dbb98f1499765242.jpg?ver=1777056562\",\"caption\":\"DAJK\"}}]}<\/script>\n<!-- \/ Yoast SEO plugin. -->","yoast_head_json":{"title":"Vorstellung des S\u00e4gewerks TTP-600 ECONOMY bei der Bauernherbst - DAJK","description":"Im Rahmen des 47. Bauernurlaubs in unserer Heimatstadt Lo\u010de stellten wir uns mit unserem kleinsten Bands\u00e4gewerk TTP-600 ECONOMY, Fenes und Armoth-Bandmessern sowie unserem eigenen Schleifservice vor.","robots":{"index":"index","follow":"follow","max-snippet":"max-snippet:-1","max-image-preview":"max-image-preview:large","max-video-preview":"max-video-preview:-1"},"canonical":"https:\/\/dajk.si\/de\/vorstellung-des-saegewerks-ttp-600-economy-bei-der-bauernherbst\/","og_locale":"de_DE","og_type":"article","og_title":"Vorstellung des S\u00e4gewerks TTP-600 ECONOMY bei der Bauernherbst - DAJK","og_description":"Im Rahmen des 47. Bauernurlaubs in unserer Heimatstadt Lo\u010de stellten wir uns mit unserem kleinsten Bands\u00e4gewerk TTP-600 ECONOMY, Fenes und Armoth-Bandmessern sowie unserem eigenen Schleifservice vor.","og_url":"https:\/\/dajk.si\/de\/vorstellung-des-saegewerks-ttp-600-economy-bei-der-bauernherbst\/","og_site_name":"DAJK","article_publisher":"https:\/\/facebook.com\/DAJKTrakMetSlovenija","article_published_time":"2019-10-22T14:34:16+00:00","article_modified_time":"2020-01-22T14:38:23+00:00","og_image":[{"width":1280,"height":720,"url":"https:\/\/dajk.si\/wp-content\/uploads\/2019\/09\/DAJK_Predstavitev_TTP-600_ECONOMY_Kmecki_Praznik_Loce_2019_6.jpg","type":"image\/jpeg"}],"author":"DAJK","twitter_card":"summary_large_image","twitter_misc":{"Verfasst von":"DAJK","Gesch\u00e4tzte Lesezeit":"4\u00a0Minuten"},"schema":{"@context":"https:\/\/schema.org","@graph":[{"@type":"Article","@id":"https:\/\/dajk.si\/de\/vorstellung-des-saegewerks-ttp-600-economy-bei-der-bauernherbst\/#article","isPartOf":{"@id":"https:\/\/dajk.si\/de\/vorstellung-des-saegewerks-ttp-600-economy-bei-der-bauernherbst\/"},"author":{"name":"DAJK","@id":"https:\/\/dajk.si\/#\/schema\/person\/9ce423896640be8a5a8fe0da02dfc889"},"headline":"Vorstellung des S\u00e4gewerks TTP-600 ECONOMY bei der Bauernherbst","datePublished":"2019-10-22T14:34:16+00:00","dateModified":"2020-01-22T14:38:23+00:00","mainEntityOfPage":{"@id":"https:\/\/dajk.si\/de\/vorstellung-des-saegewerks-ttp-600-economy-bei-der-bauernherbst\/"},"wordCount":788,"commentCount":0,"publisher":{"@id":"https:\/\/dajk.si\/#organization"},"image":{"@id":"https:\/\/dajk.si\/de\/vorstellung-des-saegewerks-ttp-600-economy-bei-der-bauernherbst\/#primaryimage"},"thumbnailUrl":"https:\/\/dajk.si\/wp-content\/uploads\/2019\/09\/DAJK_Predstavitev_TTP-600_ECONOMY_Kmecki_Praznik_Loce_2019_6.jpg","keywords":["Bandklingen","BANDS\u00c4GEN","Sch\u00e4rfservice","TTP-600 ECONOMY"],"articleSection":["BANDS\u00c4GEN"],"inLanguage":"de","potentialAction":[{"@type":"CommentAction","name":"Comment","target":["https:\/\/dajk.si\/de\/vorstellung-des-saegewerks-ttp-600-economy-bei-der-bauernherbst\/#respond"]}]},{"@type":"WebPage","@id":"https:\/\/dajk.si\/de\/vorstellung-des-saegewerks-ttp-600-economy-bei-der-bauernherbst\/","url":"https:\/\/dajk.si\/de\/vorstellung-des-saegewerks-ttp-600-economy-bei-der-bauernherbst\/","name":"Vorstellung des S\u00e4gewerks TTP-600 ECONOMY bei der Bauernherbst - DAJK","isPartOf":{"@id":"https:\/\/dajk.si\/#website"},"primaryImageOfPage":{"@id":"https:\/\/dajk.si\/de\/vorstellung-des-saegewerks-ttp-600-economy-bei-der-bauernherbst\/#primaryimage"},"image":{"@id":"https:\/\/dajk.si\/de\/vorstellung-des-saegewerks-ttp-600-economy-bei-der-bauernherbst\/#primaryimage"},"thumbnailUrl":"https:\/\/dajk.si\/wp-content\/uploads\/2019\/09\/DAJK_Predstavitev_TTP-600_ECONOMY_Kmecki_Praznik_Loce_2019_6.jpg","datePublished":"2019-10-22T14:34:16+00:00","dateModified":"2020-01-22T14:38:23+00:00","description":"Im Rahmen des 47. Bauernurlaubs in unserer Heimatstadt Lo\u010de stellten wir uns mit unserem kleinsten Bands\u00e4gewerk TTP-600 ECONOMY, Fenes und Armoth-Bandmessern sowie unserem eigenen Schleifservice vor.","breadcrumb":{"@id":"https:\/\/dajk.si\/de\/vorstellung-des-saegewerks-ttp-600-economy-bei-der-bauernherbst\/#breadcrumb"},"inLanguage":"de","potentialAction":[{"@type":"ReadAction","target":["https:\/\/dajk.si\/de\/vorstellung-des-saegewerks-ttp-600-economy-bei-der-bauernherbst\/"]}]},{"@type":"ImageObject","inLanguage":"de","@id":"https:\/\/dajk.si\/de\/vorstellung-des-saegewerks-ttp-600-economy-bei-der-bauernherbst\/#primaryimage","url":"https:\/\/dajk.si\/wp-content\/uploads\/2019\/09\/DAJK_Predstavitev_TTP-600_ECONOMY_Kmecki_Praznik_Loce_2019_6.jpg","contentUrl":"https:\/\/dajk.si\/wp-content\/uploads\/2019\/09\/DAJK_Predstavitev_TTP-600_ECONOMY_Kmecki_Praznik_Loce_2019_6.jpg","width":1280,"height":720,"caption":"DAjK Pr\u00e4sentation TTP 600 ECONOMY L\u00e4ndlicher fest Loce 2019"},{"@type":"BreadcrumbList","@id":"https:\/\/dajk.si\/de\/vorstellung-des-saegewerks-ttp-600-economy-bei-der-bauernherbst\/#breadcrumb","itemListElement":[{"@type":"ListItem","position":1,"name":"Home","item":"https:\/\/dajk.si\/de\/"},{"@type":"ListItem","position":2,"name":"Vorstellung des S\u00e4gewerks TTP-600 ECONOMY bei der Bauernherbst"}]},{"@type":"WebSite","@id":"https:\/\/dajk.si\/#website","url":"https:\/\/dajk.si\/","name":"DAJK","description":"Trak-Met tra\u010dne \u017eage za razrez hlodovine, tra\u010dni listi in brusilnica tra\u010dnih listov","publisher":{"@id":"https:\/\/dajk.si\/#organization"},"potentialAction":[{"@type":"SearchAction","target":{"@type":"EntryPoint","urlTemplate":"https:\/\/dajk.si\/?s={search_term_string}"},"query-input":{"@type":"PropertyValueSpecification","valueRequired":true,"valueName":"search_term_string"}}],"inLanguage":"de"},{"@type":"Organization","@id":"https:\/\/dajk.si\/#organization","name":"DAJK d.o.o.","url":"https:\/\/dajk.si\/","logo":{"@type":"ImageObject","inLanguage":"de","@id":"https:\/\/dajk.si\/#\/schema\/logo\/image\/","url":"https:\/\/dajk.si\/wp-content\/uploads\/2018\/12\/DAJK_Logo_Splet_400x247_Retina.png","contentUrl":"https:\/\/dajk.si\/wp-content\/uploads\/2018\/12\/DAJK_Logo_Splet_400x247_Retina.png","width":400,"height":247,"caption":"DAJK d.o.o."},"image":{"@id":"https:\/\/dajk.si\/#\/schema\/logo\/image\/"},"sameAs":["https:\/\/facebook.com\/DAJKTrakMetSlovenija"]},{"@type":"Person","@id":"https:\/\/dajk.si\/#\/schema\/person\/9ce423896640be8a5a8fe0da02dfc889","name":"DAJK","image":{"@type":"ImageObject","inLanguage":"de","@id":"https:\/\/dajk.si\/wp-content\/litespeed\/avatar\/17c3b0f948f28de8dbb98f1499765242.jpg?ver=1777056562","url":"https:\/\/dajk.si\/wp-content\/litespeed\/avatar\/17c3b0f948f28de8dbb98f1499765242.jpg?ver=1777056562","contentUrl":"https:\/\/dajk.si\/wp-content\/litespeed\/avatar\/17c3b0f948f28de8dbb98f1499765242.jpg?ver=1777056562","caption":"DAJK"}}]}},"_links":{"self":[{"href":"https:\/\/dajk.si\/de\/wp-json\/wp\/v2\/posts\/9278","targetHints":{"allow":["GET"]}}],"collection":[{"href":"https:\/\/dajk.si\/de\/wp-json\/wp\/v2\/posts"}],"about":[{"href":"https:\/\/dajk.si\/de\/wp-json\/wp\/v2\/types\/post"}],"author":[{"embeddable":true,"href":"https:\/\/dajk.si\/de\/wp-json\/wp\/v2\/users\/3"}],"replies":[{"embeddable":true,"href":"https:\/\/dajk.si\/de\/wp-json\/wp\/v2\/comments?post=9278"}],"version-history":[{"count":0,"href":"https:\/\/dajk.si\/de\/wp-json\/wp\/v2\/posts\/9278\/revisions"}],"wp:featuredmedia":[{"embeddable":true,"href":"https:\/\/dajk.si\/de\/wp-json\/wp\/v2\/media\/7036"}],"wp:attachment":[{"href":"https:\/\/dajk.si\/de\/wp-json\/wp\/v2\/media?parent=9278"}],"wp:term":[{"taxonomy":"category","embeddable":true,"href":"https:\/\/dajk.si\/de\/wp-json\/wp\/v2\/categories?post=9278"},{"taxonomy":"post_tag","embeddable":true,"href":"https:\/\/dajk.si\/de\/wp-json\/wp\/v2\/tags?post=9278"}],"curies":[{"name":"wp","href":"https:\/\/api.w.org\/{rel}","templated":true}]}}